{"id":3770,"date":"2022-12-22T10:03:45","date_gmt":"2022-12-22T10:03:45","guid":{"rendered":"https:\/\/www.geotellurique.fr\/blog\/?p=3770"},"modified":"2023-02-27T10:35:53","modified_gmt":"2023-02-27T10:35:53","slug":"repartiteur-frais-chauffage","status":"publish","type":"post","link":"https:\/\/www.geotellurique.fr\/blog\/repartiteur-frais-chauffage\/","title":{"rendered":"R\u00e9partiteur de frais de chauffage (Pollution \u00e9lectromagn\u00e9tique)"},"content":{"rendered":"<h2>D\u00e9finition d&rsquo;un r\u00e9partiteur de frais de chauffage :<\/h2>\n<p><strong>Un r\u00e9partiteur de frais de chauffage mesure de la consommation thermique d&rsquo;un corps de chauffe, analyse les calories \u00e9mises par un radiateur de chauffage collectif et valide ses relev\u00e9s en \u00e9mettant tr\u00e8s r\u00e9guli\u00e8rement \u00e0 868,95 MHz des pics furtifs (mais relativement puissants), vers un concentrateur g\u00e9n\u00e9ralement plac\u00e9 dans le sous-sol de l\u2019immeuble concern\u00e9. Le concentrateur d\u00e9livrera ensuite les informations permettant de facturer les usagers pour partie en fonction des consommations relev\u00e9es.<\/strong><\/p>\n<p>Lorsque nous avons \u00e9t\u00e9 en contact avec les auteurs du billet ci-dessous, il nous a paru important de relayer cette information, qui touche beaucoup plus de personnes que l\u2019on pourrait croire.<\/p>\n<p>J\u2019ai eu depuis personnellement l\u2019occasion lors de mes diagnostics de faire des<strong> mesures d&rsquo;ondes hyperfr\u00e9quences \u00e9lev\u00e9es \u00e0 proximit\u00e9 de ces r\u00e9partiteurs,<\/strong> ne laissant aucun doute, en coh\u00e9rence avec celles de la vid\u00e9o pr\u00e9sent\u00e9e ci-dessous, dans un immeuble grenoblois \u00e9quip\u00e9 d\u2019un mod\u00e8le similaire.<\/p>\n<p><strong>Avec des pics importants environ toutes les 2 minutes,<\/strong> ce ne sont pas les plus grosses pollutions d\u2019un appartement standard, du fait de la rapidit\u00e9 de leurs pics\u2026 Mais le r\u00e9sultat n\u2019est certainement pas anodin au niveau cellulaire, lorsqu\u2019on regarde la question du c\u00f4t\u00e9 biologique, et non pas uniquement du c\u00f4t\u00e9 habituel normatif li\u00e9 \u00e0 l\u2019\u00e9chauffement des ondes, les valeurs moyenn\u00e9es avec un pic toutes les 2 minutes \u00e9tant \u00e9videmment insignifiantes pour quelqu\u2019un qui ne se basera que sur le c\u00f4t\u00e9 de l&rsquo;\u00e9chauffement pour affirmer ou non de la dangerosit\u00e9 de cette question.<\/p>\n<p>Le t\u00e9moignage ci-apr\u00e8s nous montre bien que suivant la sensibilit\u00e9 sp\u00e9cifique de chacun, ce n\u2019est pas si insignifiant que cela, et que comme pour toute source de radiofr\u00e9quences puls\u00e9es de mani\u00e8re r\u00e9p\u00e9titives, il est important de savoir g\u00e9rer les sources, surtout pour les p\u00e9riodes de sommeil.<\/p>\n<p>Nous remercions chaleureusement Liz March et Steph Parker pour leur perspicacit\u00e9 et le partage aupr\u00e8s d\u2019autres personnes \u00e9lectrohypersensibles par l\u2019interm\u00e9diaire de notre blog, <strong>et pour nous avoir fourni les vid\u00e9os de mesures effectu\u00e9es dans un appartement blind\u00e9, ce qui a permis de d\u00e9montrer efficacement la probl\u00e9matique,<\/strong> qui passe habituellement totalement inaper\u00e7ue dans un environnement pollu\u00e9 par de trop nombreuses ondes permanentes (WiFi, ondes de la t\u00e9l\u00e9phonie mobile, objets connect\u00e9s divers).<\/p>\n<p>Nous vous invitons \u00e0 visionner la vid\u00e9o d\u2019explications ci-dessous, avec \u00e0 la fin une des solutions propos\u00e9es pour limiter la pression des ondes si vous \u00eates concern\u00e9s par cette pollution suppl\u00e9mentaire g\u00e9n\u00e9ralis\u00e9e.<\/p>\n<p><strong>Vid\u00e9o :<\/strong><\/p>\n<div id=\"attachment_3826\" style=\"width: 1716px\" class=\"wp-caption alignnone\"><a href=\"https:\/\/www.youtube.com\/watch?v=B9d4liJqRrQ\" target=\"_blank\" rel=\"noopener\"><img loading=\"lazy\" decoding=\"async\" aria-describedby=\"caption-attachment-3826\" class=\"wp-image-3826 size-full\" src=\"http:\/\/www.geotellurique.fr\/blog\/wp-content\/uploads\/2022\/12\/Video-Repartiteur-electronique-de-frais-de-chauffage-Mesures-HF-Geotellurique.fr_.jpg\" alt=\"Vid\u00e9o - R\u00e9partiteur \u00e9lectronique de frais de chauffage - Mesures HF - Geotellurique.fr\" width=\"1706\" height=\"960\" srcset=\"https:\/\/www.geotellurique.fr\/blog\/wp-content\/uploads\/2022\/12\/Video-Repartiteur-electronique-de-frais-de-chauffage-Mesures-HF-Geotellurique.fr_.jpg 1706w, https:\/\/www.geotellurique.fr\/blog\/wp-content\/uploads\/2022\/12\/Video-Repartiteur-electronique-de-frais-de-chauffage-Mesures-HF-Geotellurique.fr_-300x169.jpg 300w, https:\/\/www.geotellurique.fr\/blog\/wp-content\/uploads\/2022\/12\/Video-Repartiteur-electronique-de-frais-de-chauffage-Mesures-HF-Geotellurique.fr_-1024x576.jpg 1024w, https:\/\/www.geotellurique.fr\/blog\/wp-content\/uploads\/2022\/12\/Video-Repartiteur-electronique-de-frais-de-chauffage-Mesures-HF-Geotellurique.fr_-768x432.jpg 768w, https:\/\/www.geotellurique.fr\/blog\/wp-content\/uploads\/2022\/12\/Video-Repartiteur-electronique-de-frais-de-chauffage-Mesures-HF-Geotellurique.fr_-800x450.jpg 800w, https:\/\/www.geotellurique.fr\/blog\/wp-content\/uploads\/2022\/12\/Video-Repartiteur-electronique-de-frais-de-chauffage-Mesures-HF-Geotellurique.fr_-1536x864.jpg 1536w, https:\/\/www.geotellurique.fr\/blog\/wp-content\/uploads\/2022\/12\/Video-Repartiteur-electronique-de-frais-de-chauffage-Mesures-HF-Geotellurique.fr_-1080x608.jpg 1080w\" sizes=\"(max-width: 1706px) 100vw, 1706px\" \/><\/a><p id=\"caption-attachment-3826\" class=\"wp-caption-text\">Vid\u00e9o &#8211; R\u00e9partiteur de frais de chauffage &#8211; Mesures des ondes hautes fr\u00e9quences &#8211; Geotellurique.fr<\/p><\/div>\n<p>&nbsp;<\/p>\n<p>&nbsp;<\/p>\n<p><a href=\"https:\/\/www.geotellurique.fr\/img\/cms\/Repartiteurs-WHE5.pdf\"><img loading=\"lazy\" decoding=\"async\" class=\"alignleft wp-image-3795\" src=\"http:\/\/www.geotellurique.fr\/blog\/wp-content\/uploads\/2022\/12\/Capture-decran-2022-12-20-a-17.32.00.png\" alt=\"\" width=\"50\" height=\"70\" srcset=\"https:\/\/www.geotellurique.fr\/blog\/wp-content\/uploads\/2022\/12\/Capture-decran-2022-12-20-a-17.32.00.png 910w, https:\/\/www.geotellurique.fr\/blog\/wp-content\/uploads\/2022\/12\/Capture-decran-2022-12-20-a-17.32.00-213x300.png 213w, https:\/\/www.geotellurique.fr\/blog\/wp-content\/uploads\/2022\/12\/Capture-decran-2022-12-20-a-17.32.00-726x1024.png 726w, https:\/\/www.geotellurique.fr\/blog\/wp-content\/uploads\/2022\/12\/Capture-decran-2022-12-20-a-17.32.00-768x1084.png 768w, https:\/\/www.geotellurique.fr\/blog\/wp-content\/uploads\/2022\/12\/Capture-decran-2022-12-20-a-17.32.00-425x600.png 425w\" sizes=\"(max-width: 50px) 100vw, 50px\" \/><\/a>Nous vous mettons \u00e9galement \u00e0 disposition pour les techniciens un <a href=\"https:\/\/www.geotellurique.fr\/img\/cms\/Repartiteurs-WHE5.pdf\" target=\"_blank\" rel=\"noopener\"><strong>document de mode d\u2019emploi<\/strong><\/a> d\u2019un des mod\u00e8les existant de ces r\u00e9partiteurs, mode d\u2019emploi d\u2019un mod\u00e8le courant de chez Siemens, et qui vous d\u00e9montrera que ces r\u00e9partiteurs de frais de chauffage m\u00e9ritent aussi d\u2019\u00eatre consid\u00e9r\u00e9s en partie comme des \u00ab\u00a0mouchards\u00a0\u00bb suppl\u00e9mentaires d\u2019informations disponibles sur votre vie priv\u00e9e.<\/p>\n<p>Vous d\u00e9couvrirez dans ce document que <strong>suivant leur mode de programmation, les r\u00e9partiteurs de frais de chauffage peuvent \u00e9mettre tr\u00e8s r\u00e9guli\u00e8rement des ondes, la r\u00e9partition temporelle des \u00e9missions pouvant \u00eatre diff\u00e9rente d\u2019une installation \u00e0 l\u2019autre. On parle alors de t\u00e9l\u00e9grammes de donn\u00e9es AMR et Walk-by et de plusieurs modes de communication (Mode S ou C)<\/strong> suivant param\u00e9trage. Pour info, les mesures que j&rsquo;ai pu valider chez une cliente \u00e0 Grenoble se sont faites largement en soir\u00e9e, et l&rsquo;info des ondes qui ne seraient \u00e9mises que durant la journ\u00e9e de 8h \u00e0 18h \u00e0 la page 7 du document ci-dessus s&rsquo;av\u00e9raient en tout cas dans cet exemple totalement erron\u00e9es.<\/p>\n<p>Le plus surprenant, c&rsquo;est qu&rsquo;en plus des ondes, <strong>ce type de r\u00e9partiteurs ne font pas l&rsquo;unanimit\u00e9<\/strong> et peuvent \u00eatre critiqu\u00e9s par ceux m\u00eame qui pourraient en \u00eatre les promoteurs, <strong><a href=\"https:\/\/www.seveniercarlini.com\/post\/baisser-vos-frais-de-chauffage-r%C3%A9partiteur-de-frais-de-chauffage-la-fausse-bonne-id%C3%A9e\" target=\"_blank\" rel=\"nofollow noopener\">cf cet article de blog fort instructif, au titre explicite : Baisser vos frais de chauffage &#8211; R\u00e9partiteur de frais de chauffage : la fausse bonne id\u00e9e ?\u2026<\/a><\/strong><\/p>\n<p>Suite \u00e0 cette introduction, laissons la parole \u00e0 Liz March et Steph Parker &#x1f44d;<br \/>\nPour l\u2019\u00e9quipe <strong><a href=\"https:\/\/www.geotellurique.fr\" target=\"_blank\" rel=\"noopener\">Geotellurique.fr<\/a><\/strong>, Bruno Geissert.<\/p>\n<p>&#8212;&#8212;&#8212;&#8212;&#8212;&#8212;&#8212;&#8212;&#8212;&#8212;&#8212;&#8212;&#8212;&#8212;&#8212;&#8212;&#8212;&#8212;<\/p>\n<h3><b>R\u00e9partiteurs pollueurs<\/b><\/h3>\n<p>&nbsp;<\/p>\n<div id=\"attachment_3808\" style=\"width: 1034px\" class=\"wp-caption aligncenter\"><img loading=\"lazy\" decoding=\"async\" aria-describedby=\"caption-attachment-3808\" class=\"wp-image-3808 size-large\" src=\"http:\/\/www.geotellurique.fr\/blog\/wp-content\/uploads\/2022\/12\/Repartiteur-electronique-de-frais-de-chauffage1-1024x576.jpg\" alt=\"Re\u0301partiteur e\u0301lectronique de frais de chauffage\" width=\"1024\" height=\"576\" srcset=\"https:\/\/www.geotellurique.fr\/blog\/wp-content\/uploads\/2022\/12\/Repartiteur-electronique-de-frais-de-chauffage1-1024x576.jpg 1024w, https:\/\/www.geotellurique.fr\/blog\/wp-content\/uploads\/2022\/12\/Repartiteur-electronique-de-frais-de-chauffage1-300x169.jpg 300w, https:\/\/www.geotellurique.fr\/blog\/wp-content\/uploads\/2022\/12\/Repartiteur-electronique-de-frais-de-chauffage1-768x432.jpg 768w, https:\/\/www.geotellurique.fr\/blog\/wp-content\/uploads\/2022\/12\/Repartiteur-electronique-de-frais-de-chauffage1-800x450.jpg 800w, https:\/\/www.geotellurique.fr\/blog\/wp-content\/uploads\/2022\/12\/Repartiteur-electronique-de-frais-de-chauffage1-1536x864.jpg 1536w, https:\/\/www.geotellurique.fr\/blog\/wp-content\/uploads\/2022\/12\/Repartiteur-electronique-de-frais-de-chauffage1-1080x608.jpg 1080w, https:\/\/www.geotellurique.fr\/blog\/wp-content\/uploads\/2022\/12\/Repartiteur-electronique-de-frais-de-chauffage1.jpg 1960w\" sizes=\"(max-width: 1024px) 100vw, 1024px\" \/><p id=\"caption-attachment-3808\" class=\"wp-caption-text\">R\u00e9partiteur de frais de chauffage<\/p><\/div>\n<p>&nbsp;<\/p>\n<p><strong>Nouvelle pi\u00e8ce du puzzle dans notre d\u00e9fi \u00ab\u00a0traque contre la pollution \u00e9lectromagn\u00e9tique\u00a0\u00bb : les r\u00e9partiteurs de notre chauffage collectif \u00e9mettent des ondes toutes les 2mn (jusqu&rsquo;\u00e0 5 V\/m) et personne ne s\u2019en doutait<\/strong><\/p>\n<p>Nous sommes 2 \u00e9lectrosensibles et nous avons d\u00e9cid\u00e9 de vivre en coloc afin entre autres de partager les frais des protections contre la pollution \u00e9lectromagn\u00e9tique (d\u00e9tecteurs, filtres Stezterizer, tissus, grillages de protection).<\/p>\n<p>Il y a un peu moins d\u2019un an on s\u2019est lanc\u00e9 un d\u00e9fi habiter en bord de mer dans un appartement avec Linky \u00e0 proximit\u00e9 de plusieurs antennes (300 m), d&rsquo;un autre c\u00f4t\u00e9 c&rsquo;est une p\u00e9riode o\u00f9 on n&rsquo;avait pas trop le choix et tout le monde ne peut pas ou ne veut pas habiter en maison (pour diff\u00e9rentes raisons) m\u00eame s\u2019il est plus facile de se prot\u00e9ger, en tout cas des voisins. Du coup on a d\u00e9cid\u00e9 de positiver cette \u00ab\u00a0\u00e9preuve\u00a0\u00bb et on a d\u00e9cid\u00e9 de la transformer en exp\u00e9rience afin d&rsquo;apprendre le plus de choses possibles et savoir si en tant qu&rsquo;EHS il est possible de vivre quelque temps en appartement bien prot\u00e9g\u00e9 au milieu des ondes. La r\u00e9ponse est oui mais cela demande beaucoup de temps, d&rsquo;argent et d&rsquo;ing\u00e9niosit\u00e9\u2026<\/p>\n<p>Apr\u00e8s des nuits blanches, pas mal de stress, un diagnostic de 5h et de multiples remises en question on a r\u00e9ussi \u00e0 se prot\u00e9ger convenablement (en dessous de 0,05 V\/M). Certes cela a un co\u00fbt mais cela laisse un peu d\u2019espoir pour les personnes EHS qui ne peuvent pas d\u00e9m\u00e9nager vite ou ceux qui n\u2019ont pas d\u2019autres solutions m\u00eame si ce n\u2019est pas l\u2019id\u00e9al parfois on n\u2019a pas le choix.<\/p>\n<p>Cette aventure va se terminer dans quelques mois car on a d\u00e9cid\u00e9 de changer de vie et de partir loin de tout en Auvergne mais ces mois pass\u00e9s \u00e0 essayer de se prot\u00e9ger au mieux cela aura donn\u00e9 vie \u00e0 un vrai laboratoire grandeur nature on aura appris tellement de choses de fa\u00e7on concr\u00e8te que l\u2019on n\u2019aura aucun regret m\u00eame si cela n\u2019aura pas \u00e9t\u00e9 de tout repos. Il faut savoir qu\u2019on a \u00e9t\u00e9 oblig\u00e9s de tout prot\u00e9ger du sol au plafond <strong>et sans cela, cela n\u2019aurait pas \u00e9t\u00e9 possible de comprendre qu\u2019il y avait un probl\u00e8me avec ces petits bo\u00eetiers sur les chauffages collectifs.<\/strong><\/p>\n<p>Bien s\u00fbr pour un EHS les antennes, le Linky sont un vrai probl\u00e8me mais \u00e0 force on a tendance \u00e0 devenir un peu parano avec tout \u00e7a on essaye de se prot\u00e9ger \u00e0 fond de ce qui vient de l\u2019ext\u00e9rieur alors que parfois le probl\u00e8me vient de chez nous !!<\/p>\n<p>Quoi qu\u2019il arrive on est oblig\u00e9 de mener une v\u00e9ritable enqu\u00eate avec des mesures pr\u00e9cises si on veut \u00eatre s\u00fbr d\u2019\u00eatre prot\u00e9g\u00e9 au mieux. Et apr\u00e8s des mois d\u2019efforts afin de tout prot\u00e9ger on semblait l\u2019\u00eatre et NON !!<\/p>\n<p>Apr\u00e8s l\u2019installation des derni\u00e8res protections celles du plafond j\u2019ai v\u00e9cu une v\u00e9ritable nuit de cauchemar : impossible de dormir comme si quelque chose me martelait la t\u00eate, j\u2019ai cru que j\u2019allais devenir folle, j\u2019ai un peu craqu\u00e9 et j\u2019ai demand\u00e9 \u00e0 mon super coloc ing\u00e9nieur de prendre tous ces appareils de mesure et de trouver l\u2019origine de mon probl\u00e8me, je sentais bien que c\u2019\u00e9tait li\u00e9 \u00e0 des ondes mais impossible de comprendre d\u2019o\u00f9 cela venait (surtout que tout est disjonct\u00e9 la nuit dans l\u2019appartement). J\u2019\u00e9tais tellement \u00e0 bout de nerfs et \u00e9puis\u00e9e que je lui ai dit que je ne le laisserai pas partir de ma chambre tant qu\u2019il n\u2019aurait pas trouv\u00e9 ce qui n\u2019allait pas alors que tout \u00e9tait prot\u00e9g\u00e9.<\/p>\n<p>Il en allait de ma survie physique et mentale c\u2019\u00e9tait mon dernier espoir sinon j\u2019\u00e9tais oblig\u00e9e de quitter l\u2019appartement !!! Et Miracle !!! Comme il n\u2019a pas vraiment eu envie de rester s\u00e9questr\u00e9 dans ma chambre super colocataire EHS a pris tout son mat\u00e9riel de mesure et 2h plus tard j\u2019ai entendu un cri de victoire, c\u2019\u00e9tait vraiment EUR\u00caKA j\u2019ai trouv\u00e9 !!!<\/p>\n<p>Le coupable \u00e9tait sous nos yeux sur le chauffage j\u2019ai nomm\u00e9 : LE R\u00c9PARTITEUR DE L\u2019HORREUR qui me balan\u00e7ait du 5 V\/m toutes les 2 mn (soit l&rsquo;\u00e9quivalent de 72h de communication d&rsquo;un t\u00e9l\u00e9phone portable sur 1 an si on consid\u00e8re que la communication dure 1 s).<\/p>\n<p>Le pire c\u2019est qu\u2019au d\u00e9but de mon installation dans l\u2019appartement j\u2019avais demand\u00e9 \u00e0 super colocataire si ce n\u2019\u00e9tait pas dangereux ce truc avec des chiffres qui bougeaient dans tous les sens et il m\u2019avait r\u00e9pondu que non bien s\u00fbr car \u00e7a \u00e9met que une fois par jour et je suis ce jour l\u00e0 encore pass\u00e9e pour la parano de service !!! Comme quoi j\u2019aurais d\u00fb me fier \u00e0 mon intuition et faire des recherches sur le sujet <strong>SAUF qu\u2019on ne trouve pas grand-chose l\u00e0-dessus<\/strong> juste un petit article de Robin des toits qui peut passer inaper\u00e7u\u2026<\/p>\n<h4><\/h4>\n<h4><b>Impact sanitaire des r\u00e9partiteurs de chauffage<\/b><\/h4>\n<p>\u00ab\u00a0Le d\u00e9cret prescrit la mise en \u0153uvre syst\u00e9matique de la t\u00e9l\u00e9rel\u00e8ve des appareils \u00e0 partir du 25 octobre 2020, et la g\u00e9n\u00e9ralisation de cette t\u00e9l\u00e9rel\u00e8ve \u00e0 compter du 1er janvier 2027. Ces dispositions sont \u00e0 appliquer \u00e9galement pour la rel\u00e8ve des consommations d\u2019eau chaude sanitaire. Or t\u00e9l\u00e9rel\u00e8ve ne signifie pas obligatoirement par technologie sans fil et radiofr\u00e9quences, un raccourci que les Syndics et \u00e9quipementiers pratiquent all\u00e8grement ! Il existe des solutions filaires pour une t\u00e9l\u00e9rel\u00e8ve sans risque sanitaire (fibre optique, r\u00e9seau c\u00e2bl\u00e9\u2026) On peut donc refuser les modules radio mis en place autoritairement par les industriels seuls, et ne pas subir l&rsquo;exposition passive aux champs \u00e9lectromagn\u00e9tiques artificiels. Les compteurs thermiques, r\u00e9partiteurs de chaleur et les robinets thermostatiques sont presque toujours propos\u00e9s avec un module de radiofr\u00e9quences int\u00e9gr\u00e9. Les radiofr\u00e9quences (868,95 MHz) \u00e9mises par les r\u00e9partiteurs de frais de chaleur sont class\u00e9es par l&rsquo;OMS dans le Groupe 2B, possiblement canc\u00e9rog\u00e8ne. Ce classement est suffisant par lui-m\u00eame pour imposer l&rsquo;application du principe de pr\u00e9caution.<br \/>\nLe rapport d&rsquo;alerte de l&rsquo;ANSES sur les dangers des radiofr\u00e9quences pour les enfants publi\u00e9 le 08\/07\/2016 confirme l&rsquo;urgence d&rsquo;informer les citoyens et de stopper l&rsquo;installation des compteurs \u00e9quip\u00e9s de modules \u00e9metteurs radio. Si les op\u00e9rateurs affirment l&rsquo;innocuit\u00e9 sanitaire des \u00e9missions de leurs modules radio, ils sont dans l&rsquo;incapacit\u00e9 de le prouver.\u00a0\u00bb [<strong><a href=\"https:\/\/www.robindestoits.org\/Individualisation-des-frais-de-chauffage-19-nov-2020_a3000.html\" target=\"_blank\" rel=\"nofollow noopener\">https:\/\/www.robindestoits.org\/Individualisation-des-frais-de-chauffage-19-nov-2020_a3000.html<\/a><\/strong>]<\/p>\n<p><strong>Dans une foire aux questions de la soci\u00e9t\u00e9 TECHEM (soci\u00e9t\u00e9 de transition \u00e9nerg\u00e9tique num\u00e9rique dans les b\u00e2timents qui pose et g\u00e8re ce genre d&rsquo;appareils) on apprend que les \u00e9missions radio sont ponctuelles et rares et bien s\u00fbr sans danger<\/strong> [<strong><a href=\"https:\/\/www.techem.com\/ch\/fr\" target=\"_blank\" rel=\"nofollow noopener\">https:\/\/www.techem.com\/ch\/fr<\/a><\/strong>]<\/p>\n<p>&nbsp;<\/p>\n<h3><b>R\u00e9partiteur de frais de chauffage \u00e0 \u00e9metteur radio (fhkv)<\/b><\/h3>\n<h4><b>Qu\u2019est-ce qu\u2019un r\u00e9partiteur de frais de chauffage \u00e0 \u00e9metteur radio ?\u00a0<\/b><\/h4>\n<p>Ces instruments rel\u00e8vent la consommation, la m\u00e9morisent et transmettent toutes les donn\u00e9es n\u00e9cessaires pour effectuer le comptage individuel des co\u00fbts. Les appareils du syst\u00e8me saisissent la consommation au milieu du mois, \u00e0 la fin du mois et \u00e0 la date de relev\u00e9. L\u2019\u00e9metteur radio int\u00e9gr\u00e9 transmet les donn\u00e9es de consommation \u00e0 la date de relev\u00e9. Les donn\u00e9es demeurent m\u00e9moris\u00e9es jusqu\u2019\u00e0 l\u2019ann\u00e9e suivante. Gr\u00e2ce \u00e0 ces instruments, il n\u2019est plus n\u00e9cessaire de p\u00e9n\u00e9trer dans l\u2019appartement et le relev\u00e9 pourra ainsi \u00eatre effectu\u00e9 sans fixer de rendez-vous. Apr\u00e8s la date de relev\u00e9, un r\u00e9cepteur mobile transmet les radio-t\u00e9l\u00e9grammes avec les unit\u00e9s de consommation \u00e0 un ordinateur de poche, qui les exporte ensuite directement vers le syst\u00e8me de comptage. Les donn\u00e9es de consommation sont enregistr\u00e9es \u00e0 un rythme bimensuel. Les relev\u00e9s interm\u00e9diaires ne sont donc plus n\u00e9cessaires, puisque toutes les donn\u00e9es demeurent m\u00e9moris\u00e9es pendant douze mois.<\/p>\n<h4><b>L&rsquo;\u00e9mission d\u2019ondes radio est-elle dangereuse ? <\/b><\/h4>\n<p>\u00c0 ce propos Techem a missionn\u00e9 une \u00e9tude sur la compatibilit\u00e9 \u00e9lectromagn\u00e9tique ambiante. R\u00e9sultat : \u00e0 l\u2019\u00e9tat actuel des connaissances, aucun \u00e9l\u00e9ment ne permet de conclure \u00e0 une quelconque atteinte ou menace pour la sant\u00e9 induite par les ondes du syst\u00e8me radio de Techem.<\/p>\n<p>Du point de vue de la compatibilit\u00e9 \u00e9lectromagn\u00e9tique environnementale et m\u00eame en tenant compte des derni\u00e8res d\u00e9couvertes de la science, l\u2019on ne peut formuler aucune r\u00e9serve quant \u00e0 l\u2019installation du syst\u00e8me radio dans des b\u00e2timents d\u2019habitation, des zones publiques et des locaux professionnels. L\u2019\u00e9nergie d\u2019\u00e9mission g\u00e9n\u00e9r\u00e9e en un an dans un appartement de taille moyenne dot\u00e9 du syst\u00e8me radio \u00e9quivaut plus ou moins \u00e0 l\u2019\u00e9nergie lib\u00e9r\u00e9e par un t\u00e9l\u00e9phone portable pendant une conversation de cinq minutes. [<a href=\"https:\/\/www.techem.com\/ch\/fr\/information-et-services\/questions-frequentes-faq\" target=\"_blank\" rel=\"noopener\"><strong>https:\/\/www.techem.com\/ch\/fr\/information-et-services\/questions-frequentes-faq<\/strong><\/a>]<\/p>\n<p>M\u00eame si une loi est pass\u00e9e tous les immeubles avec du chauffage collectif ne sont pas encore \u00e9quip\u00e9s mais avec les probl\u00e8mes d&rsquo;\u00e9nergie que nous allons conna\u00eetre j&rsquo;imagine que tr\u00e8s vite les propri\u00e9taires vont vouloir s&rsquo;en \u00e9quiper et de plus en plus de personnes vont \u00eatre concern\u00e9es et comme il y aura malheureusement de plus en plus d\u2019EHS avec la mise en place de la 5G il faut que ce message soit diffus\u00e9 <strong>car si je l\u2019avais su je n\u2019aurais pas pass\u00e9 tout l\u2019hiver le dos coll\u00e9 au chauffage du salon \u00e0 c\u00f4t\u00e9 du r\u00e9partiteur en prenant inutilement des ondes pendant des heures et j\u2019aurais prot\u00e9g\u00e9 celui de ma chambre afin de dormir dans un endroit r\u00e9ellement sans ondes !!!<\/strong> Bien s\u00fbr j&rsquo;imagine que le fait d&rsquo;avoir prot\u00e9g\u00e9 tout l&rsquo;appartement amplifie le probl\u00e8me (effet rebond des ondes ?), on fera des mesures sans protection \u00e0 notre d\u00e9part de l&rsquo;appartement pour voir ce qu&rsquo;il en est r\u00e9ellement\u2026<\/p>\n<p>Apr\u00e8s avoir d\u00e9couvert ce scoop des r\u00e9partiteurs pollueurs dans un premier temps afin de se prot\u00e9ger le plus rapidement possible on les a recouvert de 2 couches de <a href=\"https:\/\/www.geotellurique.fr\/tissus-anti-ondes\/240-tissu-anti-ondes-silver-tulle-50db.html\" target=\"_blank\" rel=\"noopener\">tissus anti ondes Silver Tulle<\/a>\/<a href=\"https:\/\/www.geotellurique.fr\/tissus-anti-ondes\/636-tissu-anti-ondes-naturell-ultima-swiss-shield.html\">Ultima<\/a> comme ils ne sont pas en marche il n\u2019y a pas de probl\u00e8me mais <strong>lorsque la p\u00e9riode de chauffe va commencer ce ne sera plus une solution on va donc utiliser du <a href=\"https:\/\/www.geotellurique.fr\/toiles\/737-345-grillage-moustiquaire-anti-ondes-hautes-et-basses-frequences-v4a03-en-acier-inoxydable.html#\/145-longueur-1m_a_la_coupe\" target=\"_blank\" rel=\"noopener\">grillage anti-ondes Yshield V4A03.<\/a><\/strong><\/p>\n<div id=\"attachment_3830\" style=\"width: 484px\" class=\"wp-caption aligncenter\"><a href=\"https:\/\/www.geotellurique.fr\/toiles\/737-345-grillage-moustiquaire-anti-ondes-hautes-et-basses-frequences-v4a03-en-acier-inoxydable.html#\/145-longueur-1m_a_la_coupe\" target=\"_blank\" rel=\"noopener\"><img loading=\"lazy\" decoding=\"async\" aria-describedby=\"caption-attachment-3830\" class=\"wp-image-3830\" src=\"http:\/\/www.geotellurique.fr\/blog\/wp-content\/uploads\/2022\/12\/grillage-moustiquaire-anti-ondes-hautes-et-basses-frequences-v4a03-en-acier-inoxydable.webp\" alt=\"grillage moustiquaire anti ondes hautes et basses fr\u00e9quences v4a03 en acier inoxydable. \" width=\"474\" height=\"613\" srcset=\"https:\/\/www.geotellurique.fr\/blog\/wp-content\/uploads\/2022\/12\/grillage-moustiquaire-anti-ondes-hautes-et-basses-frequences-v4a03-en-acier-inoxydable.webp 1100w, https:\/\/www.geotellurique.fr\/blog\/wp-content\/uploads\/2022\/12\/grillage-moustiquaire-anti-ondes-hautes-et-basses-frequences-v4a03-en-acier-inoxydable-232x300.webp 232w, https:\/\/www.geotellurique.fr\/blog\/wp-content\/uploads\/2022\/12\/grillage-moustiquaire-anti-ondes-hautes-et-basses-frequences-v4a03-en-acier-inoxydable-792x1024.webp 792w, https:\/\/www.geotellurique.fr\/blog\/wp-content\/uploads\/2022\/12\/grillage-moustiquaire-anti-ondes-hautes-et-basses-frequences-v4a03-en-acier-inoxydable-768x993.webp 768w, https:\/\/www.geotellurique.fr\/blog\/wp-content\/uploads\/2022\/12\/grillage-moustiquaire-anti-ondes-hautes-et-basses-frequences-v4a03-en-acier-inoxydable-464x600.webp 464w, https:\/\/www.geotellurique.fr\/blog\/wp-content\/uploads\/2022\/12\/grillage-moustiquaire-anti-ondes-hautes-et-basses-frequences-v4a03-en-acier-inoxydable-1080x1396.webp 1080w, https:\/\/www.geotellurique.fr\/blog\/wp-content\/uploads\/2022\/12\/grillage-moustiquaire-anti-ondes-hautes-et-basses-frequences-v4a03-en-acier-inoxydable-400x516.webp 400w\" sizes=\"(max-width: 474px) 100vw, 474px\" \/><\/a><p id=\"caption-attachment-3830\" class=\"wp-caption-text\">grillage moustiquaire anti ondes hautes et basses fr\u00e9quences v4a03 en acier inoxydable.<\/p><\/div>\n<p>&nbsp;<\/p>\n<p>Concernant le fait de la transmission des donn\u00e9es calorifiques du r\u00e9partiteur vers le serveur technique du chauffage pour comptabiliser notre consommation on est encore dans l\u2019inconnu cela va t\u2019il fonctionner malgr\u00e9 les protections telle est la question !!!! L\u00e0 aussi on en saura plus dans quelques mois s&rsquo;il y a un probl\u00e8me le syndic ne manquera pas de nous le faire savoir !!<\/p>\n<p>&nbsp;<\/p>\n<p>Pour aller plus loin sur le sujet des r\u00e9partiteurs de chauffage :<br \/>\n<a href=\"https:\/\/fr.wikipedia.org\/wiki\/R%C3%A9partiteur_de_frais_de_chauffage\" target=\"_blank\" rel=\"nofollow noopener\">https:\/\/fr.wikipedia.org\/wiki\/R%C3%A9partiteur_de_frais_de_chauffage<\/a><\/p>\n<p><a href=\"https:\/\/produits.xpair.com\/innovation\/repartiteur-electronique-frais-de-chauffage-siemens.htm\" target=\"_blank\" rel=\"nofollow noopener\">https:\/\/produits.xpair.com\/innovation\/repartiteur-electronique-frais-de-chauffage-siemens.htm<\/a><\/p>\n<p>Liz March &amp; Steph Parker \u00a92022<\/p>\n<p>&nbsp;<\/p>\n<p>&nbsp;<\/p>\n","protected":false},"excerpt":{"rendered":"<p>D\u00e9finition d&rsquo;un r\u00e9partiteur de frais de chauffage : Un r\u00e9partiteur de frais de chauffage mesure de la consommation thermique d&rsquo;un corps de chauffe, analyse les calories \u00e9mises par un radiateur de chauffage collectif et valide ses relev\u00e9s en \u00e9mettant tr\u00e8s r\u00e9guli\u00e8rement \u00e0 868,95 MHz des pics furtifs (mais relativement puissants), vers un concentrateur g\u00e9n\u00e9ralement plac\u00e9 [&hellip;]<\/p>\n","protected":false},"author":145,"featured_media":3807,"comment_status":"open","ping_status":"open","sticky":false,"template":"","format":"standard","meta":{"_bbp_topic_count":0,"_bbp_reply_count":0,"_bbp_total_topic_count":0,"_bbp_total_reply_count":0,"_bbp_voice_count":0,"_bbp_anonymous_reply_count":0,"_bbp_topic_count_hidden":0,"_bbp_reply_count_hidden":0,"_bbp_forum_subforum_count":0,"_et_pb_use_builder":"","_et_pb_old_content":"","_et_gb_content_width":"","footnotes":""},"categories":[14],"tags":[],"et_post_format":[],"class_list":["post-3770","post","type-post","status-publish","format-standard","has-post-thumbnail","hentry","category-protection-ondes-electromagnetiques","et-has-post-format-content","et_post_format-et-post-format-standard"],"_wp_attached_file":null,"_wp_attachment_metadata":null,"_wp_attachment_backup_sizes":null,"_wp_attachment_context":null,"_oembed_8095d36c03dd8ead930b81d37d6e8e98":null,"_wp_attachment_image_alt":null,"_et_pb_predefined_layout":null,"_bbp_forum_subforum_count":null,"_bbp_total_reply_count":null,"_bbp_topic_count":null,"_bbp_total_topic_count":null,"_bbp_topic_count_hidden":null,"_bbp_last_topic_id":null,"_private_group":null,"_bbp_total_reply_count_hidden":null,"_et_pb_predefined_default_layout":null,"_et_pb_predefined_default_type":null,"_extra_layout_default":null,"_menu_item_type":null,"_menu_item_menu_item_parent":null,"_menu_item_object_id":null,"_menu_item_object":null,"_menu_item_target":null,"_menu_item_classes":null,"_menu_item_xfn":null,"_menu_item_url":null,"_wp_page_template":null,"slide_template":null,"_et_pb_post_hide_nav":null,"_et_pb_page_layout":null,"_et_pb_side_nav":null,"_oembed_fbe5098a38e310857077e4bd9518ee0b":null,"rank_math_canonical_url":null,"_et_builder_dynamic_assets_loading_attr_threshold":null,"popup_title":null,"enabled":null,"pum_example_popup":null,"popup_settings":null,"data_version":null,"popup_open_count":null,"popup_conversion_count":null,"popup_open_count_total":null,"popup_last_opened":null,"_pum_built_in":null,"_pum_default_theme":null,"popup_theme_data_version":null,"popup_theme_settings":null,"_pum_user_modified":null,"popup_theme_overlay":null,"popup_theme_container":null,"popup_theme_title":null,"popup_theme_content":null,"popup_theme_close":null,"_extra_rating_average":"0","_post_review_box_title":"La revue","_post_review_box_summary":"","_post_review_box_summary_title":"R\u00e9sum\u00e9","_post_review_box_breakdowns_score":"0","_post_review_box_breakdowns_count":"1","_post_review_box_breakdowns":[{"title":"","rating":0}],"_extra_rating_count":null,"_yoast_wpseo_primary_category":"14","_ez-toc-disabled":"","_ez-toc-insert":"","_ez-toc-heading-levels":[],"_ez-toc-alttext":"","_ez-toc-exclude":"","rank_math_primary_category":"14","_ez-toc-visibility_hide_by_default":null,"_oembed_749fcde2044455117a2697597c901d4a":null,"_oembed_1c071b6b2d57519c4becdbedb8484da8":null,"_oembed_time_1c071b6b2d57519c4becdbedb8484da8":null,"_oembed_12213637bef2a959d4a2178ddab2b645":null,"_oembed_time_12213637bef2a959d4a2178ddab2b645":null,"_oembed_2d8cdef959634189ab90c6b6331ab0da":null,"_oembed_time_2d8cdef959634189ab90c6b6331ab0da":null,"_oembed_1bd35aba03164045392dfde89b97495f":null,"_oembed_time_1bd35aba03164045392dfde89b97495f":null,"_oembed_04423babe915f168e30dbaf31eee82d6":null,"_oembed_time_04423babe915f168e30dbaf31eee82d6":null,"_oembed_e2dac58b91c04f3307bdff122b237535":null,"_oembed_time_e2dac58b91c04f3307bdff122b237535":null,"_oembed_7ef102e21b4e69bf3e92f21d2da26178":null,"_oembed_time_7ef102e21b4e69bf3e92f21d2da26178":null,"_oembed_65f3cc860759c370dbb5a9a6ff36d550":null,"_oembed_522f16fbe69b088b13b19b90101e85ab":null,"_oembed_time_522f16fbe69b088b13b19b90101e85ab":null,"_oembed_7ef8850ce7251d149275729c1f2e5924":null,"_oembed_time_7ef8850ce7251d149275729c1f2e5924":null,"_oembed_4a24465fa2f8a097a79a358f6c1e5f60":null,"_oembed_d44308415ddd5297a3c5f333639c6beb":null,"_oembed_79a4fdbe0396b15581da72ee01396d7d":null,"_oembed_dade171d140aec1e91e5c2751e1d84ee":null,"_oembed_time_dade171d140aec1e91e5c2751e1d84ee":null,"_oembed_2b29abedb5da844628f831c4e78d2554":null,"_oembed_time_2b29abedb5da844628f831c4e78d2554":null,"_ez-toc-header-label":null,"_ez-toc-alignment":null,"_ez-toc-hide_counter":null,"_ez-toc-position-specific":null,"_oembed_09579974edf7a5b17a8f3acb19d5e3c2":null,"_oembed_4d39ae5bf6978e483b2a4e6904c6e350":null,"_oembed_053e7a2e5cd6be4d3b7db7779d21d87e":null,"_oembed_73c5a8e6e6b03f92b8645a68476b6c8c":null,"_oembed_f265d96ad663a2a5d768ae968dbd4f9b":null,"_oembed_e531f60f7f7d8b103a9be20256dc42ca":null,"_oembed_38e062bb1f0cd1f84f5582c58bb3eff6":null,"_oembed_153b902fc86796aa51beb4adbf7b34de":null,"_oembed_d8b39931a3edf9f3de8db22718ee00aa":null,"_oembed_802314b98a73138ead50481339d374c8":null,"_oembed_17e0f1ae86d1d10d77ae9d4f698dcb15":null,"_oembed_b026deefd282a3fecd670dbd021bf7b3":null,"_oembed_d78d24060623fc6a80c549f478cc7447":null,"_oembed_b848de432e06a4a8badd78f98e735104":null,"_oembed_a7dd002581b7dddceded6c0d4dd93bf5":"{{unknown}}","_oembed_2f7c681569df2d4f97b9fb4cdbe80e4b":"{{unknown}}","_oembed_bf836f3c1379cb3a365f247014c52880":"{{unknown}}","_oembed_5c275c653f5eb0625a26eedde66b3a96":null,"_oembed_time_5c275c653f5eb0625a26eedde66b3a96":null,"_oembed_8a6bd33a60b4166f209fddf50fbb9feb":null,"_oembed_time_8a6bd33a60b4166f209fddf50fbb9feb":null,"_oembed_68c4f06a16b982e9ce2965ec94dc036d":null,"_oembed_time_68c4f06a16b982e9ce2965ec94dc036d":null,"_oembed_e8847fdaa016826363a81ab24559637b":null,"rank_math_contentai_score":null,"_oembed_8c245f8ec246307bab3688925d117ffc":null,"_oembed_time_48ef09d280c21bb057113c047401f73d":null,"_oembed_time_bdfa63b0877d35868422b67871ba7a15":null,"_oembed_time_7916619f1633d7bbb85549375ffcf0a9":null,"_oembed_48ef09d280c21bb057113c047401f73d":null,"_ez-toc-device-target":null,"_bbp_voice_count":null,"_bbp_subscription":null,"_bbp_engagement":null,"_directory_id":null,"_attached_image":null,"_attached_images_order":null,"_content_field_11":null,"_content_field_10":null,"_content_field_9":null,"_content_field_6":null,"_content_field_12":null,"_content_field_7":null,"_content_field_8":null,"_attached_image_as_logo":null,"_requires_moderation":null,"_listing_created":null,"_order_date":null,"_listing_status":null,"_clicks_data":null,"_total_clicks":null,"_location_id":null,"_address_line_1":null,"_address_line_2":null,"_zip_or_postal_index":null,"_additional_info":null,"_manual_coords":null,"_map_coords_1":null,"_map_coords_2":null,"_map_icon_file":null,"_map_zoom":null,"_w2dc_rating_86.203.107.220":null,"_w2dc_avg_rating":null,"_place_id":null,"_attached_video_id":null,"_w2dc_rating_82.125.12.205":null,"_w2dc_rating_88.173.34.68":null,"_w2dc_rating_79.148.212.154":null,"_w2dc_rating_46.193.65.142":null,"_w2dc_rating_90.21.48.35":null,"_w2dc_rating_93.22.151.185":null,"_w2dc_rating_92.184.105.233":null,"_yoast_wpseo_primary_w2dc-category":null,"_yoast_wpseo_primary_w2dc-location":null,"_w2dc_rating_86.217.53.28":null,"_w2dc_rating_92.138.193.179":null,"_w2dc_rating_91.171.135.117":null,"_w2dc_rating_45.141.123.154":null,"_w2dc_rating_88.175.84.134":null,"_w2dc_rating_176.150.38.129":null,"_w2dc_rating_92.184.105.83":null,"_w2dc_rating_92.184.123.36":null,"_w2dc_rating_90.60.118.94":null,"_w2dc_rating_133":null,"_w2dc_rating_88.168.22.193":null,"_w2dc_rating_68":null,"_w2dc_rating_92.184.98.136":null,"_w2dc_rating_145.242.20.128":null,"_model":null,"_columns_num":null,"_bg_color":null,"_bg_transparency":null,"_text_color":null,"_elements_color":null,"_elements_color_secondary":null,"_use_overlay":null,"_on_shop_page":null,"_auto_submit":null,"_use_border":null,"_scroll_to":null,"_sticky_scroll":null,"_sticky_scroll_toppadding":null,"_use_ajax":null,"_target_url":null,"_used_by":null,"rank_math_news_sitemap_robots":"index","rank_math_robots":["index"],"rank_math_primary_w2dc-category":null,"rank_math_primary_w2dc-location":null,"_wp_old_slug":"repartiteur-electronique-de-frais-de-chauffage","_et_pb_built_for_post_type":null,"_edit_lock":"1721897663:68","_edit_last":"68","_bbp_last_active_time":null,"_bbp_reply_count":null,"_bbp_last_reply_id":null,"_bbp_last_active_id":null,"_bbp_reply_count_hidden":null,"rank_math_internal_links_processed":"1","_et_pb_use_builder":"","_et_pb_old_content":"","_et_monarch_override":null,"_et_pb_enable_shortcode_tracking":null,"_et_pb_custom_css":null,"_yoast_wpseo_content_score":"30","_et_builder_version":null,"_extra_sidebar_location":"","_extra_sidebar":"","_et_pb_ab_subjects":null,"_et_pb_ab_current_shortcode":null,"_et_pb_show_page_creation":null,"_et_pb_gutter_width":null,"_global_colors_info":null,"_yoast_wpseo_estimated-reading-time-minutes":"13","_yoast_wpseo_wordproof_timestamp":"","ao_post_optimize":null,"_et_pb_ab_stats_refresh_interval":null,"_yoast_wpseo_focuskw":"r\u00e9partiteur de frais de chauffage","_yoast_wpseo_title":"R\u00e9partiteur de frais de chauffage ? (Pollution \u00e9lectromagn\u00e9tique)","_yoast_wpseo_linkdex":"78","_yoast_wpseo_metadesc":"Un appareil \u00e9lectronique de r\u00e9partition de frais de chauffage par mesure de la consommation thermique d'un corps de chauffe, analyse les calories \u00e9mises par un radiateur de chauffage collectif et valide ses relev\u00e9s en \u00e9mettant tr\u00e8s r\u00e9guli\u00e8rement \u00e0 868,95 MHz","rank_math_title":"R\u00e9partiteur de frais de chauffage ? (Pollution - Geotelluriq","rank_math_description":"Un appareil \u00e9lectronique de r\u00e9partition de frais de chauffage par mesure de la consommation thermique d'un corps de chauffe, analyse les calories \u00e9mises par.","rank_math_focus_keyword":"r\u00e9partiteur de frais de chauffage","rank_math_seo_score":null,"rank_math_og_content_image":null,"et_enqueued_post_fonts":null,"_thumbnail_id":"3807","_wp_old_date":null,"_bbp_akismet_result":null,"_bbp_akismet_history":null,"_bbp_forum_id":null,"_bbp_topic_id":null,"_bbp_author_ip":null,"_links":{"self":[{"href":"https:\/\/www.geotellurique.fr\/blog\/wp-json\/wp\/v2\/posts\/3770","targetHints":{"allow":["GET"]}}],"collection":[{"href":"https:\/\/www.geotellurique.fr\/blog\/wp-json\/wp\/v2\/posts"}],"about":[{"href":"https:\/\/www.geotellurique.fr\/blog\/wp-json\/wp\/v2\/types\/post"}],"author":[{"embeddable":true,"href":"https:\/\/www.geotellurique.fr\/blog\/wp-json\/wp\/v2\/users\/145"}],"replies":[{"embeddable":true,"href":"https:\/\/www.geotellurique.fr\/blog\/wp-json\/wp\/v2\/comments?post=3770"}],"version-history":[{"count":43,"href":"https:\/\/www.geotellurique.fr\/blog\/wp-json\/wp\/v2\/posts\/3770\/revisions"}],"predecessor-version":[{"id":3989,"href":"https:\/\/www.geotellurique.fr\/blog\/wp-json\/wp\/v2\/posts\/3770\/revisions\/3989"}],"wp:featuredmedia":[{"embeddable":true,"href":"https:\/\/www.geotellurique.fr\/blog\/wp-json\/wp\/v2\/media\/3807"}],"wp:attachment":[{"href":"https:\/\/www.geotellurique.fr\/blog\/wp-json\/wp\/v2\/media?parent=3770"}],"wp:term":[{"taxonomy":"category","embeddable":true,"href":"https:\/\/www.geotellurique.fr\/blog\/wp-json\/wp\/v2\/categories?post=3770"},{"taxonomy":"post_tag","embeddable":true,"href":"https:\/\/www.geotellurique.fr\/blog\/wp-json\/wp\/v2\/tags?post=3770"},{"taxonomy":"et_post_format","embeddable":true,"href":"https:\/\/www.geotellurique.fr\/blog\/wp-json\/wp\/v2\/et_post_format?post=3770"}],"curies":[{"name":"wp","href":"https:\/\/api.w.org\/{rel}","templated":true}]}}