{"id":5519,"date":"2025-06-11T13:51:16","date_gmt":"2025-06-11T13:51:16","guid":{"rendered":"https:\/\/www.geotellurique.fr\/blog\/?p=5519"},"modified":"2026-03-08T10:07:29","modified_gmt":"2026-03-08T10:07:29","slug":"interdiction-du-portable-au-college","status":"publish","type":"post","link":"https:\/\/www.geotellurique.fr\/blog\/interdiction-du-portable-au-college\/","title":{"rendered":"Interdiction du portable au coll\u00e8ge : un vrai enjeu !"},"content":{"rendered":"<div id=\"ez-toc-container\" class=\"ez-toc-v2_0_82_2 counter-hierarchy ez-toc-counter ez-toc-custom ez-toc-container-direction\">\n<div class=\"ez-toc-box-title\">Sommaire<\/div>\n<div class=\"ez-toc-title-container\">\n<span class=\"ez-toc-title-toggle\"><a href=\"#\" class=\"ez-toc-pull-right ez-toc-btn ez-toc-btn-xs ez-toc-btn-default ez-toc-toggle\" aria-label=\"Toggle Table of Content\"><span class=\"ez-toc-js-icon-con\"><span class=\"\"><span class=\"eztoc-hide\" style=\"display:none;\">Toggle<\/span><span class=\"ez-toc-icon-toggle-span\"><svg style=\"fill: #3308ff;color:#3308ff\" xmlns=\"http:\/\/www.w3.org\/2000\/svg\" class=\"list-377408\" width=\"20px\" height=\"20px\" viewBox=\"0 0 24 24\" fill=\"none\"><path d=\"M6 6H4v2h2V6zm14 0H8v2h12V6zM4 11h2v2H4v-2zm16 0H8v2h12v-2zM4 16h2v2H4v-2zm16 0H8v2h12v-2z\" fill=\"currentColor\"><\/path><\/svg><svg style=\"fill: #3308ff;color:#3308ff\" class=\"arrow-unsorted-368013\" xmlns=\"http:\/\/www.w3.org\/2000\/svg\" width=\"10px\" height=\"10px\" viewBox=\"0 0 24 24\" version=\"1.2\" baseProfile=\"tiny\"><path d=\"M18.2 9.3l-6.2-6.3-6.2 6.3c-.2.2-.3.4-.3.7s.1.5.3.7c.2.2.4.3.7.3h11c.3 0 .5-.1.7-.3.2-.2.3-.5.3-.7s-.1-.5-.3-.7zM5.8 14.7l6.2 6.3 6.2-6.3c.2-.2.3-.5.3-.7s-.1-.5-.3-.7c-.2-.2-.4-.3-.7-.3h-11c-.3 0-.5.1-.7.3-.2.2-.3.5-.3.7s.1.5.3.7z\"\/><\/svg><\/span><\/span><\/span><\/a><\/span><\/div>\n<nav><ul class='ez-toc-list ez-toc-list-level-1 eztoc-toggle-hide-by-default' ><li class='ez-toc-page-1 ez-toc-heading-level-3'><a class=\"ez-toc-link ez-toc-heading-1\" href=\"https:\/\/www.geotellurique.fr\/blog\/interdiction-du-portable-au-college\/#Jai_un_reve%E2%80%A6_dun_college_sans_ondes\" >J\u2019ai un r\u00eave\u2026 d\u2019un coll\u00e8ge sans ondes !<\/a><\/li><li class='ez-toc-page-1 ez-toc-heading-level-3'><a class=\"ez-toc-link ez-toc-heading-2\" href=\"https:\/\/www.geotellurique.fr\/blog\/interdiction-du-portable-au-college\/#Mon_reve_pour_mon_fils_et_pour_tous_les_enfants\" >Mon r\u00eave, pour mon fils et pour tous les enfants<\/a><\/li><li class='ez-toc-page-1 ez-toc-heading-level-3'><a class=\"ez-toc-link ez-toc-heading-3\" href=\"https:\/\/www.geotellurique.fr\/blog\/interdiction-du-portable-au-college\/#Une_realite_a_portee_de_main_%E2%80%93_La_loi_existe_mais_est-elle_respectee\" >Une r\u00e9alit\u00e9 \u00e0 port\u00e9e de main &#8211; La loi existe, mais est-elle respect\u00e9e ?<\/a><\/li><li class='ez-toc-page-1 ez-toc-heading-level-3'><a class=\"ez-toc-link ez-toc-heading-4\" href=\"https:\/\/www.geotellurique.fr\/blog\/interdiction-du-portable-au-college\/#Une_question_de_sante_publique\" >Une question de sant\u00e9 publique<\/a><\/li><li class='ez-toc-page-1 ez-toc-heading-level-3'><a class=\"ez-toc-link ez-toc-heading-5\" href=\"https:\/\/www.geotellurique.fr\/blog\/interdiction-du-portable-au-college\/#Cyberharcelement_et_ecrans_un_autre_mal_silencieux\" >Cyberharc\u00e8lement et \u00e9crans : un autre mal silencieux<\/a><\/li><li class='ez-toc-page-1 ez-toc-heading-level-3'><a class=\"ez-toc-link ez-toc-heading-6\" href=\"https:\/\/www.geotellurique.fr\/blog\/interdiction-du-portable-au-college\/#Et_si_on_allait_plus_loin_encore\" >Et si on allait plus loin encore ?<\/a><\/li><li class='ez-toc-page-1 ez-toc-heading-level-3'><a class=\"ez-toc-link ez-toc-heading-7\" href=\"https:\/\/www.geotellurique.fr\/blog\/interdiction-du-portable-au-college\/#Un_reve_qui_a_besoin_de_vous\" >Un r\u00eave qui a besoin de vous<\/a><\/li><li class='ez-toc-page-1 ez-toc-heading-level-3'><a class=\"ez-toc-link ez-toc-heading-8\" href=\"https:\/\/www.geotellurique.fr\/blog\/interdiction-du-portable-au-college\/#%F0%9F%93%9A_Sources_officielles\" >&#x1f4da; Sources officielles<\/a><\/li><\/ul><\/nav><\/div>\n<p>&nbsp;<\/p>\n<p><strong>Interdiction du portable au coll\u00e8ge :<\/strong> ces cinq mots r\u00e9sument une loi que trop peu de parents et d\u2019\u00e9tablissements appliquent pleinement. Et pourtant, cette r\u00e8gle pourrait bien changer la vie de nos enfants.<\/p>\n<p>&nbsp;<\/p>\n<h3><span class=\"ez-toc-section\" id=\"Jai_un_reve%E2%80%A6_dun_college_sans_ondes\"><\/span><b>J\u2019ai un r\u00eave\u2026 d\u2019un coll\u00e8ge sans ondes !<\/b><span class=\"ez-toc-section-end\"><\/span><\/h3>\n<p>Hier soir, je suis rentr\u00e9 de la r\u00e9union de rentr\u00e9e du coll\u00e8ge de mon fils avec ce mal de t\u00eate que je reconnais trop bien. Deux heures pass\u00e9es dans une salle bond\u00e9e de parents et de leurs smartphones. Des dizaines d&rsquo;appareils en mode donn\u00e9es actives, un brouillard d\u2019ondes invisibles\u2026 Et mon corps me parle : inflammation, fatigue, cette lourdeur dans le cr\u00e2ne que je ne ressens presque plus, depuis que j\u2019ai r\u00e9invent\u00e9 mon quotidien dans un environnement \u00e9lectromagn\u00e9tique ma\u00eetris\u00e9.<\/p>\n<p>C\u2019est rare, mais parfois, je sors de mon lieu de vie assaini pour des moments qui comptent : une comp\u00e9tition de Hand Ball, une r\u00e9union scolaire. Et \u00e0 chaque fois, je me retrouve cern\u00e9 par un nuage de connexions mobiles invisibles mais bien pr\u00e9sentes. Alors hier soir, apr\u00e8s m\u2019\u00eatre endormi et ressourc\u00e9 gr\u00e2ce \u00e0 mon drap de mise \u00e0 la terre, <strong>j\u2019ai r\u00eav\u00e9<\/strong>. Et ce r\u00eave, j\u2019aimerais vous le partager.<\/p>\n<p><img loading=\"lazy\" decoding=\"async\" class=\"aligncenter wp-image-5554\" src=\"https:\/\/www.geotellurique.fr\/blog\/wp-content\/uploads\/2025\/06\/Un-college-sans-ondes-2-1.jpg\" alt=\"Interdiction du portable au colle\u0300ge et un coll\u00e8ge sans ondes\" width=\"365\" height=\"548\" srcset=\"https:\/\/www.geotellurique.fr\/blog\/wp-content\/uploads\/2025\/06\/Un-college-sans-ondes-2-1.jpg 768w, https:\/\/www.geotellurique.fr\/blog\/wp-content\/uploads\/2025\/06\/Un-college-sans-ondes-2-1-200x300.jpg 200w, https:\/\/www.geotellurique.fr\/blog\/wp-content\/uploads\/2025\/06\/Un-college-sans-ondes-2-1-683x1024.jpg 683w, https:\/\/www.geotellurique.fr\/blog\/wp-content\/uploads\/2025\/06\/Un-college-sans-ondes-2-1-400x600.jpg 400w\" sizes=\"(max-width: 365px) 100vw, 365px\" \/><\/p>\n<p>&nbsp;<\/p>\n<h3><span class=\"ez-toc-section\" id=\"Mon_reve_pour_mon_fils_et_pour_tous_les_enfants\"><\/span><b>Mon r\u00eave, pour mon fils et pour tous les enfants<\/b><span class=\"ez-toc-section-end\"><\/span><\/h3>\n<p>J\u2019ai r\u00eav\u00e9 que, dans le coll\u00e8ge de mon fils, l&rsquo;interdiction du portable au coll\u00e8ge<strong> \u00e9taient r\u00e9ellement interdits, comme le pr\u00e9voit la loi.<\/strong> Qu\u2019\u00e0 l\u2019entr\u00e9e, chaque \u00e9l\u00e8ve (et pourquoi pas chaque adulte) avait le r\u00e9flexe de <strong>mettre son t\u00e9l\u00e9phone en mode avion<\/strong>, ou mieux encore, de le glisser dans une <strong>pochette anti-ondes<\/strong> le temps des cours.<\/p>\n<p>J\u2019ai r\u00eav\u00e9 de <strong>sacs de classe sans \u00e9missions<\/strong>, de salles apais\u00e9es, sans notifications, sans appels, sans distractions num\u00e9riques. <strong>Juste des adolescents pr\u00e9sents, concentr\u00e9s, dans un environnement sain, respectueux de leur biologie et de leur attention.<\/strong><\/p>\n<p>&nbsp;<\/p>\n<h3><span class=\"ez-toc-section\" id=\"Une_realite_a_portee_de_main_%E2%80%93_La_loi_existe_mais_est-elle_respectee\"><\/span><b>Une r\u00e9alit\u00e9 \u00e0 port\u00e9e de main &#8211; <\/b><b>La loi existe, mais est-elle respect\u00e9e ?<\/b><span class=\"ez-toc-section-end\"><\/span><\/h3>\n<p>Ce r\u00eave n\u2019est pas utopique. Il est <strong>d\u00e9j\u00e0 possible<\/strong>, et <strong>d\u00e9j\u00e0 l\u00e9gal<\/strong>.<\/p>\n<p>Depuis la <strong>loi n\u00b0 2018-698<\/strong>, les t\u00e9l\u00e9phones sont interdits dans <strong>tous les coll\u00e8ges de France<\/strong>, y compris pendant les r\u00e9cr\u00e9ations et \u00e0 la cantine. Et chaque principal a le pouvoir d\u2019organiser cette interdiction comme il le souhaite. Oui, c\u2019est <strong>encore une zone d\u2019autonomie possible dans notre syst\u00e8me scolaire<\/strong>.<\/p>\n<p>&#x1f449; <a href=\"https:\/\/www.legifrance.gouv.fr\/jorf\/id\/JORFTEXT000037284333\" target=\"_blank\" rel=\"noopener\">Lire la loi sur L\u00e9gifrance<\/a><\/p>\n<p>Et ce qui m\u2019\u00e9meut profond\u00e9ment, c\u2019est que <strong>le principal du coll\u00e8ge de mon fils semble \u00eatre un homme de vision<\/strong>. Lors de la r\u00e9union, j\u2019ai ressenti chez lui <strong>une vraie humanit\u00e9<\/strong>. Une volont\u00e9 sinc\u00e8re de faire de ce coll\u00e8ge un cocon \u00e9ducatif, o\u00f9 les \u00e9l\u00e8ves peuvent apprendre, cr\u00e9er, respirer. Il a \u00e9voqu\u00e9 toutes les opportunit\u00e9s offertes au coll\u00e8ge, outre les cours classiques : les arts, le sport, la musique\u2026 mais aussi des sujets sensibles : <strong>la sant\u00e9 mentale des \u00e9l\u00e8ves, les dangers du cyberharc\u00e8lement, la pression des \u00e9crans<\/strong>. Ce soir-l\u00e0, j\u2019ai compris que je pouvais lui parler de mon r\u00eave.<\/p>\n<p>Et je l\u2019ai fait.<\/p>\n<p>Je lui ai parl\u00e9 des pochettes anti-ondes qui sont propos\u00e9es chez <b>Geotellurique<\/b>, et il m\u2019a dit : <i>\u00ab Pourquoi pas, on en reparle. \u00bb<\/i><\/p>\n<p><img loading=\"lazy\" decoding=\"async\" class=\"aligncenter wp-image-5532\" src=\"https:\/\/www.geotellurique.fr\/blog\/wp-content\/uploads\/2025\/06\/Interdiction-du-portable-au-college.jpg\" alt=\"Interdiction du portable au colle\u0300ge\" width=\"367\" height=\"551\" srcset=\"https:\/\/www.geotellurique.fr\/blog\/wp-content\/uploads\/2025\/06\/Interdiction-du-portable-au-college.jpg 640w, https:\/\/www.geotellurique.fr\/blog\/wp-content\/uploads\/2025\/06\/Interdiction-du-portable-au-college-200x300.jpg 200w, https:\/\/www.geotellurique.fr\/blog\/wp-content\/uploads\/2025\/06\/Interdiction-du-portable-au-college-400x600.jpg 400w\" sizes=\"(max-width: 367px) 100vw, 367px\" \/><\/p>\n<p>&nbsp;<\/p>\n<h3><span class=\"ez-toc-section\" id=\"Une_question_de_sante_publique\"><\/span><strong>Une question de sant\u00e9 publique<\/strong><span class=\"ez-toc-section-end\"><\/span><\/h3>\n<p>L&rsquo;<b>Anses<\/b> (Agence nationale de s\u00e9curit\u00e9 sanitaire) estime que <strong>5 % des Fran\u00e7ais pourraient \u00eatre selon leur d\u00e9claration \u00e9lectrohypersensibles (EHS)<\/strong>. Bien que le lien de causalit\u00e9 n\u2019ait pas \u00e9t\u00e9 scientifiquement \u00e9tabli, les sympt\u00f4mes sont bien r\u00e9els pour ces personnes : fatigue, maux de t\u00eate, troubles du sommeil, etc\u2026 <strong>Estimation chiffr\u00e9e<\/strong><b> :<\/b> L\u2019OMS ne fournit pas de chiffre global mais cite des \u00e9tudes nationales indiquant des <strong>pr\u00e9valences entre 1,5 % et 13 %<\/strong> selon les pays).<\/p>\n<p>Cela repr\u00e9senterait <strong>7 \u00e0 22 \u00e9l\u00e8ves<\/strong> sur les <strong>450 que compte le coll\u00e8ge de mon fils<\/strong><b>, <\/b>si on ne comptait que <strong>de 1,5 \u00e0 5%<\/strong> des \u00e9l\u00e8ves\u2026 Des enfants qui pourraient se retrouver \u00e0 l\u2019infirmerie, jour apr\u00e8s jour, avec des maux de t\u00eate, une fatigue inexpliqu\u00e9e, une difficult\u00e9 \u00e0 se concentrer\u2026 Et \u00e0 qui on offrira du parac\u00e9tamol, faute de mieux.<\/p>\n<p>&#x1f449;<a href=\"https:\/\/www.anses.fr\/fr\/system\/files\/AP2011SA0150Ra.pdf\" target=\"_blank\" rel=\"noopener\"> Rapport Anses, mars 2018<\/a><\/p>\n<p>Et si, plut\u00f4t que de mettre <strong>ces enfants en quarantaine chez eux<\/strong>, on mettait <strong>leurs portables en quarantaine dans des pochettes<\/strong> ?<\/p>\n<p>J\u2019ai d\u00e9couvert depuis que certains \u00e9tablissements vont plus loin. Des coll\u00e8ges mettent en place des <strong>dispositifs collectifs<\/strong> de rangement anti-ondes \u00e0 l\u2019entr\u00e9e. <strong>Ce que j\u2019avais r\u00eav\u00e9 existe d\u00e9j\u00e0. Et \u00e7a fonctionne !<\/strong><\/p>\n<p>&#x1f3a5;<a href=\"https:\/\/www.facebook.com\/reel\/1042930067692361\" target=\"_blank\" rel=\"noopener\"> Voir l&rsquo;exemple en vid\u00e9o (Facebook)<\/a><\/p>\n<p>&nbsp;<\/p>\n<h3><span class=\"ez-toc-section\" id=\"Cyberharcelement_et_ecrans_un_autre_mal_silencieux\"><\/span><b>Cyberharc\u00e8lement et \u00e9crans : un autre mal silencieux<\/b><span class=\"ez-toc-section-end\"><\/span><\/h3>\n<p>Le principal a aussi parl\u00e9 d\u2019un chiffre gla\u00e7ant : <strong>2 coll\u00e9giens sur 10<\/strong> victimes de <strong>cyberharc\u00e8lement<\/strong>. Ce n\u2019est pas un ressenti, c\u2019est une r\u00e9alit\u00e9 confirm\u00e9e par la <strong>DEPP<\/strong> (minist\u00e8re de l&rsquo;\u00c9ducation) : insultes, moqueries, humiliations num\u00e9riques sont le quotidien de trop d\u2019enfants.<\/p>\n<p>&#x1f449;<a href=\"https:\/\/www.education.gouv.fr\/depp\/67-des-collegiens-declarent-cinq-violences-ou-plus-de-facon-repetee-452241\" target=\"_blank\" rel=\"noopener\"> Note d\u2019information n\u00b0 23.08 \u2013 mars 2023<\/a><\/p>\n<p>Et nous, parents, souvent d\u00e9munis. Combien d\u2019enfants ont un <strong>compte officiel<\/strong>, \u00e0 montrer \u00e0 papa et maman, et un autre, <strong>officieux<\/strong>, pour vivre une vie parall\u00e8le, sans filtre ni garde-fou ? Combien sont <strong>d\u00e9j\u00e0 sur les r\u00e9seaux sociaux<\/strong> avant 13 ans, alors que la loi impose un \u00e2ge minimum de <strong>15 ans avec autorisation parentale<\/strong> ?<\/p>\n<p>&#x1f449; <a href=\"https:\/\/www.legifrance.gouv.fr\/jorf\/id\/JORFTEXT000047799533\/\" target=\"_blank\" rel=\"noopener\">Loi n\u00b0 2023-566 \u2013 Majorit\u00e9 num\u00e9rique \u00e0 15 ans<\/a><\/p>\n<p><img loading=\"lazy\" decoding=\"async\" class=\"aligncenter wp-image-5553\" src=\"https:\/\/www.geotellurique.fr\/blog\/wp-content\/uploads\/2025\/06\/Cyberharcelement-et-ecrans-_-un-autre-mal-silencieux.jpg\" alt=\"Interdiction du portable au colle\u0300ge et un coll\u00e8ge sans ondes\" width=\"376\" height=\"564\" srcset=\"https:\/\/www.geotellurique.fr\/blog\/wp-content\/uploads\/2025\/06\/Cyberharcelement-et-ecrans-_-un-autre-mal-silencieux.jpg 768w, https:\/\/www.geotellurique.fr\/blog\/wp-content\/uploads\/2025\/06\/Cyberharcelement-et-ecrans-_-un-autre-mal-silencieux-200x300.jpg 200w, https:\/\/www.geotellurique.fr\/blog\/wp-content\/uploads\/2025\/06\/Cyberharcelement-et-ecrans-_-un-autre-mal-silencieux-683x1024.jpg 683w, https:\/\/www.geotellurique.fr\/blog\/wp-content\/uploads\/2025\/06\/Cyberharcelement-et-ecrans-_-un-autre-mal-silencieux-400x600.jpg 400w\" sizes=\"(max-width: 376px) 100vw, 376px\" \/><\/p>\n<p>&nbsp;<\/p>\n<h3><span class=\"ez-toc-section\" id=\"Et_si_on_allait_plus_loin_encore\"><\/span><b>Et si on allait plus loin encore ?<\/b><span class=\"ez-toc-section-end\"><\/span><\/h3>\n<p>Et tant qu\u2019\u00e0 r\u00eaver, j\u2019imagine aussi ces <strong>35 iPads<\/strong> du coll\u00e8ge branch\u00e9s en <strong>Ethernet<\/strong>, comme les ordinateurs. Le WiFi, utilis\u00e9 ponctuellement, en dernier recours. Les cours existant d\u2019\u00e9ducation num\u00e9rique qui expliqueraient aux \u00e9l\u00e8ves comment <strong>connecter un smartphone ou une console avec un c\u00e2ble<\/strong>, chez eux.<\/p>\n<p>Parce qu\u2019il ne s\u2019agit pas d\u2019\u00eatre contre la technologie. Il s\u2019agit de <strong>lui redonner sa juste place<\/strong>. De pr\u00e9server notre attention. Notre sant\u00e9. Et celle de nos enfants.<\/p>\n<p>&nbsp;<\/p>\n<h3><span class=\"ez-toc-section\" id=\"Un_reve_qui_a_besoin_de_vous\"><\/span><b>Un r\u00eave qui a besoin de vous<\/b><span class=\"ez-toc-section-end\"><\/span><\/h3>\n<p>Un appel aux parents, enseignants et chefs d\u2019\u00e9tablissement<\/p>\n<p>Ce r\u00eave n\u2019a rien de na\u00eff. Il est <strong>simple, concret, accessible<\/strong>. Il a juste besoin de courage, de volont\u00e9, de soutien.<\/p>\n<p>Alors, \u00e0 vous qui lisez ce billet :<\/p>\n<ul>\n<li>Si vous \u00eates <strong>parent<\/strong>, parlez-en. Soyez ambassadeur.<\/li>\n<li>Si vous \u00eates <strong>enseignant<\/strong>, soyez pionnier.<\/li>\n<li>Si vous \u00eates <strong>principal<\/strong>, osez exp\u00e9rimenter. <strong>Vous avez la loi de votre c\u00f4t\u00e9<\/strong><b>.<\/b><\/li>\n<li>Si vous \u00eates <strong>citoyen<\/strong>, soutenez ces initiatives et relayez-les.<\/li>\n<\/ul>\n<p>Chez <strong>Geotellurique<\/strong>, nous continuerons \u00e0 proposer des solutions concr\u00e8tes. Mais ce r\u00eave-l\u00e0\u2026 <strong>il a besoin de nous tous pour devenir r\u00e9alit\u00e9<\/strong><b>.<\/b><\/p>\n<p><img loading=\"lazy\" decoding=\"async\" class=\"aligncenter wp-image-5534 \" src=\"https:\/\/www.geotellurique.fr\/blog\/wp-content\/uploads\/2025\/06\/Un-college-sans-ondes-2.jpg\" alt=\"Interdiction du portable au coll\u00e8ge\" width=\"414\" height=\"621\" srcset=\"https:\/\/www.geotellurique.fr\/blog\/wp-content\/uploads\/2025\/06\/Un-college-sans-ondes-2.jpg 640w, https:\/\/www.geotellurique.fr\/blog\/wp-content\/uploads\/2025\/06\/Un-college-sans-ondes-2-200x300.jpg 200w, https:\/\/www.geotellurique.fr\/blog\/wp-content\/uploads\/2025\/06\/Un-college-sans-ondes-2-400x600.jpg 400w\" sizes=\"(max-width: 414px) 100vw, 414px\" \/><\/p>\n<p>&nbsp;<\/p>\n<h3><span class=\"ez-toc-section\" id=\"%F0%9F%93%9A_Sources_officielles\"><\/span><b>&#x1f4da; Sources officielles<\/b><span class=\"ez-toc-section-end\"><\/span><\/h3>\n<ul>\n<li aria-level=\"1\"><a href=\"https:\/\/www.anses.fr\/fr\/system\/files\/AP2011SA0150Ra.pdf\" target=\"_blank\" rel=\"noopener\">Rapport Anses (mars 2018) \u2013 Hypersensibilit\u00e9 \u00e9lectromagn\u00e9tique<\/a><\/li>\n<li aria-level=\"1\"><a href=\"https:\/\/www.legifrance.gouv.fr\/jorf\/id\/JORFTEXT000037309329\" target=\"_blank\" rel=\"noopener\">Loi n\u00b0 2018-698 du 3 ao\u00fbt 2018<\/a> \u2013 Interdiction des portables \u00e0 l\u2019\u00e9cole<\/li>\n<li aria-level=\"1\"><a href=\"https:\/\/www.education.gouv.fr\/\" target=\"_blank\" rel=\"noopener\">Circulaire n\u00b0 2018-114<\/a> \u2013 Application de la loi<\/li>\n<li aria-level=\"1\"><a href=\"https:\/\/www.education.gouv.fr\/67-des-collegiens-declarent-cinq-violences-ou-plus-de-facon-repetee-357626\" target=\"_blank\" rel=\"noopener\">Note d&rsquo;information n\u00b0 23.08 (mars 2023) \u2013 Cyberviolences au coll\u00e8ge<\/a><\/li>\n<li aria-level=\"1\">Loi n\u00b0 2023-566 du 7 juillet 2023 \u2013 Majorit\u00e9 num\u00e9rique \u00e0 15 ans<\/li>\n<li aria-level=\"1\">CNIL \u2013 RGPD et mineurs<\/li>\n<\/ul>\n","protected":false},"excerpt":{"rendered":"<p>&nbsp; Interdiction du portable au coll\u00e8ge : ces cinq mots r\u00e9sument une loi que trop peu de parents et d\u2019\u00e9tablissements appliquent pleinement. Et pourtant, cette r\u00e8gle pourrait bien changer la vie de nos enfants. &nbsp; J\u2019ai un r\u00eave\u2026 d\u2019un coll\u00e8ge sans ondes ! Hier soir, je suis rentr\u00e9 de la r\u00e9union de rentr\u00e9e du coll\u00e8ge [&hellip;]<\/p>\n","protected":false},"author":1378,"featured_media":5540,"comment_status":"open","ping_status":"open","sticky":false,"template":"","format":"standard","meta":{"_bbp_topic_count":0,"_bbp_reply_count":0,"_bbp_total_topic_count":0,"_bbp_total_reply_count":0,"_bbp_voice_count":0,"_bbp_anonymous_reply_count":0,"_bbp_topic_count_hidden":0,"_bbp_reply_count_hidden":0,"_bbp_forum_subforum_count":0,"_et_pb_use_builder":"","_et_pb_old_content":"","_et_gb_content_width":"","footnotes":""},"categories":[15],"tags":[],"et_post_format":[],"class_list":["post-5519","post","type-post","status-publish","format-standard","has-post-thumbnail","hentry","category-hygiene-electromagnetique","et-has-post-format-content","et_post_format-et-post-format-standard"],"_wp_attached_file":null,"_wp_attachment_metadata":null,"_wp_attachment_backup_sizes":null,"_wp_attachment_context":null,"_oembed_8095d36c03dd8ead930b81d37d6e8e98":null,"_wp_attachment_image_alt":null,"_et_pb_predefined_layout":null,"_bbp_forum_subforum_count":null,"_bbp_total_reply_count":null,"_bbp_topic_count":null,"_bbp_total_topic_count":null,"_bbp_topic_count_hidden":null,"_bbp_last_topic_id":null,"_private_group":null,"_bbp_total_reply_count_hidden":null,"_et_pb_predefined_default_layout":null,"_et_pb_predefined_default_type":null,"_extra_layout_default":null,"_menu_item_type":null,"_menu_item_menu_item_parent":null,"_menu_item_object_id":null,"_menu_item_object":null,"_menu_item_target":null,"_menu_item_classes":null,"_menu_item_xfn":null,"_menu_item_url":null,"_wp_page_template":null,"slide_template":null,"_et_pb_post_hide_nav":null,"_et_pb_page_layout":null,"_et_pb_side_nav":null,"_oembed_fbe5098a38e310857077e4bd9518ee0b":null,"rank_math_canonical_url":null,"_et_builder_dynamic_assets_loading_attr_threshold":null,"popup_title":null,"enabled":null,"pum_example_popup":null,"popup_settings":null,"data_version":null,"popup_open_count":null,"popup_conversion_count":null,"popup_open_count_total":null,"popup_last_opened":null,"_pum_built_in":null,"_pum_default_theme":null,"popup_theme_data_version":null,"popup_theme_settings":null,"_pum_user_modified":null,"popup_theme_overlay":null,"popup_theme_container":null,"popup_theme_title":null,"popup_theme_content":null,"popup_theme_close":null,"_extra_rating_average":"5","_post_review_box_title":"Examen","_post_review_box_summary":"","_post_review_box_summary_title":"R\u00e9sum\u00e9","_post_review_box_breakdowns_score":"0","_post_review_box_breakdowns_count":"1","_post_review_box_breakdowns":[{"title":"","rating":0}],"_extra_rating_count":"1","_yoast_wpseo_primary_category":null,"_ez-toc-disabled":"","_ez-toc-insert":"","_ez-toc-heading-levels":[],"_ez-toc-alttext":"","_ez-toc-exclude":"","rank_math_primary_category":"0","_ez-toc-visibility_hide_by_default":"","_oembed_749fcde2044455117a2697597c901d4a":null,"_oembed_1c071b6b2d57519c4becdbedb8484da8":null,"_oembed_time_1c071b6b2d57519c4becdbedb8484da8":null,"_oembed_12213637bef2a959d4a2178ddab2b645":null,"_oembed_time_12213637bef2a959d4a2178ddab2b645":null,"_oembed_2d8cdef959634189ab90c6b6331ab0da":null,"_oembed_time_2d8cdef959634189ab90c6b6331ab0da":null,"_oembed_1bd35aba03164045392dfde89b97495f":null,"_oembed_time_1bd35aba03164045392dfde89b97495f":null,"_oembed_04423babe915f168e30dbaf31eee82d6":null,"_oembed_time_04423babe915f168e30dbaf31eee82d6":null,"_oembed_e2dac58b91c04f3307bdff122b237535":null,"_oembed_time_e2dac58b91c04f3307bdff122b237535":null,"_oembed_7ef102e21b4e69bf3e92f21d2da26178":null,"_oembed_time_7ef102e21b4e69bf3e92f21d2da26178":null,"_oembed_65f3cc860759c370dbb5a9a6ff36d550":null,"_oembed_522f16fbe69b088b13b19b90101e85ab":null,"_oembed_time_522f16fbe69b088b13b19b90101e85ab":null,"_oembed_7ef8850ce7251d149275729c1f2e5924":null,"_oembed_time_7ef8850ce7251d149275729c1f2e5924":null,"_oembed_4a24465fa2f8a097a79a358f6c1e5f60":null,"_oembed_d44308415ddd5297a3c5f333639c6beb":null,"_oembed_79a4fdbe0396b15581da72ee01396d7d":null,"_oembed_dade171d140aec1e91e5c2751e1d84ee":null,"_oembed_time_dade171d140aec1e91e5c2751e1d84ee":null,"_oembed_2b29abedb5da844628f831c4e78d2554":null,"_oembed_time_2b29abedb5da844628f831c4e78d2554":null,"_ez-toc-header-label":"","_ez-toc-alignment":"none","_ez-toc-hide_counter":"","_ez-toc-position-specific":"","_oembed_09579974edf7a5b17a8f3acb19d5e3c2":null,"_oembed_4d39ae5bf6978e483b2a4e6904c6e350":null,"_oembed_053e7a2e5cd6be4d3b7db7779d21d87e":null,"_oembed_73c5a8e6e6b03f92b8645a68476b6c8c":null,"_oembed_f265d96ad663a2a5d768ae968dbd4f9b":null,"_oembed_e531f60f7f7d8b103a9be20256dc42ca":null,"_oembed_38e062bb1f0cd1f84f5582c58bb3eff6":null,"_oembed_153b902fc86796aa51beb4adbf7b34de":null,"_oembed_d8b39931a3edf9f3de8db22718ee00aa":null,"_oembed_802314b98a73138ead50481339d374c8":null,"_oembed_17e0f1ae86d1d10d77ae9d4f698dcb15":null,"_oembed_b026deefd282a3fecd670dbd021bf7b3":null,"_oembed_d78d24060623fc6a80c549f478cc7447":null,"_oembed_b848de432e06a4a8badd78f98e735104":null,"_oembed_a7dd002581b7dddceded6c0d4dd93bf5":null,"_oembed_2f7c681569df2d4f97b9fb4cdbe80e4b":null,"_oembed_bf836f3c1379cb3a365f247014c52880":null,"_oembed_5c275c653f5eb0625a26eedde66b3a96":null,"_oembed_time_5c275c653f5eb0625a26eedde66b3a96":null,"_oembed_8a6bd33a60b4166f209fddf50fbb9feb":null,"_oembed_time_8a6bd33a60b4166f209fddf50fbb9feb":null,"_oembed_68c4f06a16b982e9ce2965ec94dc036d":null,"_oembed_time_68c4f06a16b982e9ce2965ec94dc036d":null,"_oembed_e8847fdaa016826363a81ab24559637b":null,"rank_math_contentai_score":null,"_oembed_8c245f8ec246307bab3688925d117ffc":null,"_oembed_time_48ef09d280c21bb057113c047401f73d":null,"_oembed_time_bdfa63b0877d35868422b67871ba7a15":null,"_oembed_time_7916619f1633d7bbb85549375ffcf0a9":null,"_oembed_48ef09d280c21bb057113c047401f73d":null,"_ez-toc-device-target":"","_bbp_voice_count":null,"_bbp_subscription":null,"_bbp_engagement":null,"_directory_id":null,"_attached_image":null,"_attached_images_order":null,"_content_field_11":null,"_content_field_10":null,"_content_field_9":null,"_content_field_6":null,"_content_field_12":null,"_content_field_7":null,"_content_field_8":null,"_attached_image_as_logo":null,"_requires_moderation":null,"_listing_created":null,"_order_date":null,"_listing_status":null,"_clicks_data":null,"_total_clicks":null,"_location_id":null,"_address_line_1":null,"_address_line_2":null,"_zip_or_postal_index":null,"_additional_info":null,"_manual_coords":null,"_map_coords_1":null,"_map_coords_2":null,"_map_icon_file":null,"_map_zoom":null,"_w2dc_rating_86.203.107.220":null,"_w2dc_avg_rating":null,"_place_id":null,"_attached_video_id":null,"_w2dc_rating_82.125.12.205":null,"_w2dc_rating_88.173.34.68":null,"_w2dc_rating_79.148.212.154":null,"_w2dc_rating_46.193.65.142":null,"_w2dc_rating_90.21.48.35":null,"_w2dc_rating_93.22.151.185":null,"_w2dc_rating_92.184.105.233":null,"_yoast_wpseo_primary_w2dc-category":null,"_yoast_wpseo_primary_w2dc-location":null,"_w2dc_rating_86.217.53.28":null,"_w2dc_rating_92.138.193.179":null,"_w2dc_rating_91.171.135.117":null,"_w2dc_rating_45.141.123.154":null,"_w2dc_rating_88.175.84.134":null,"_w2dc_rating_176.150.38.129":null,"_w2dc_rating_92.184.105.83":null,"_w2dc_rating_92.184.123.36":null,"_w2dc_rating_90.60.118.94":null,"_w2dc_rating_133":null,"_w2dc_rating_88.168.22.193":null,"_w2dc_rating_68":null,"_w2dc_rating_92.184.98.136":null,"_w2dc_rating_145.242.20.128":null,"_model":null,"_columns_num":null,"_bg_color":null,"_bg_transparency":null,"_text_color":null,"_elements_color":null,"_elements_color_secondary":null,"_use_overlay":null,"_on_shop_page":null,"_auto_submit":null,"_use_border":null,"_scroll_to":null,"_sticky_scroll":null,"_sticky_scroll_toppadding":null,"_use_ajax":null,"_target_url":null,"_used_by":null,"rank_math_news_sitemap_robots":null,"rank_math_robots":null,"rank_math_primary_w2dc-category":null,"rank_math_primary_w2dc-location":null,"_wp_old_slug":null,"_et_pb_built_for_post_type":null,"_edit_lock":"1772964661:1379","_edit_last":"1379","_bbp_last_active_time":null,"_bbp_reply_count":null,"_bbp_last_reply_id":null,"_bbp_last_active_id":null,"_bbp_reply_count_hidden":null,"rank_math_internal_links_processed":"1","_et_pb_use_builder":"","_et_pb_old_content":"","_et_monarch_override":null,"_et_pb_enable_shortcode_tracking":null,"_et_pb_custom_css":null,"_yoast_wpseo_content_score":null,"_et_builder_version":null,"_extra_sidebar_location":"","_extra_sidebar":"","_et_pb_ab_subjects":null,"_et_pb_ab_current_shortcode":null,"_et_pb_show_page_creation":null,"_et_pb_gutter_width":null,"_global_colors_info":null,"_yoast_wpseo_estimated-reading-time-minutes":null,"_yoast_wpseo_wordproof_timestamp":null,"ao_post_optimize":{"ao_post_optimize":"on","ao_post_js_optimize":"on","ao_post_css_optimize":"on","ao_post_ccss":"on","ao_post_lazyload":"on","ao_post_preload":""},"_et_pb_ab_stats_refresh_interval":null,"_yoast_wpseo_focuskw":null,"_yoast_wpseo_title":null,"_yoast_wpseo_linkdex":null,"_yoast_wpseo_metadesc":null,"rank_math_title":"Interdiction du portable au coll\u00e8ge : un vrai enjeu !","rank_math_description":"La loi sur l'Interdiction du portable au coll\u00e8ge est-elle vraiment appliqu\u00e9e ? T\u00e9moignage Livraison rapide en France et conseils personnalis\u00e9s par nos experts.","rank_math_focus_keyword":"Interdiction du portable au coll\u00e8ge,interdiction du portable au coll\u00e8ge : un vrai enjeu ?","rank_math_seo_score":"78","rank_math_og_content_image":null,"et_enqueued_post_fonts":{"family":{"et-gf-poppins":"Poppins:100,100italic,200,200italic,300,300italic,regular,italic,500,500italic,600,600italic,700,700italic,800,800italic,900,900italic","et-gf-kanit":"Kanit:100,100italic,200,200italic,300,300italic,regular,italic,500,500italic,600,600italic,700,700italic,800,800italic,900,900italic"},"subset":["latin","latin-ext"],"cache_key":"{\"gph\":-1,\"divi\":\"4.27.5\",\"wp\":\"6.9.4\",\"enable_all_character_sets\":\"false\"}"},"_thumbnail_id":"5540","_wp_old_date":null,"_bbp_akismet_result":null,"_bbp_akismet_history":null,"_bbp_forum_id":null,"_bbp_topic_id":null,"_bbp_author_ip":null,"_links":{"self":[{"href":"https:\/\/www.geotellurique.fr\/blog\/wp-json\/wp\/v2\/posts\/5519","targetHints":{"allow":["GET"]}}],"collection":[{"href":"https:\/\/www.geotellurique.fr\/blog\/wp-json\/wp\/v2\/posts"}],"about":[{"href":"https:\/\/www.geotellurique.fr\/blog\/wp-json\/wp\/v2\/types\/post"}],"author":[{"embeddable":true,"href":"https:\/\/www.geotellurique.fr\/blog\/wp-json\/wp\/v2\/users\/1378"}],"replies":[{"embeddable":true,"href":"https:\/\/www.geotellurique.fr\/blog\/wp-json\/wp\/v2\/comments?post=5519"}],"version-history":[{"count":24,"href":"https:\/\/www.geotellurique.fr\/blog\/wp-json\/wp\/v2\/posts\/5519\/revisions"}],"predecessor-version":[{"id":6826,"href":"https:\/\/www.geotellurique.fr\/blog\/wp-json\/wp\/v2\/posts\/5519\/revisions\/6826"}],"wp:featuredmedia":[{"embeddable":true,"href":"https:\/\/www.geotellurique.fr\/blog\/wp-json\/wp\/v2\/media\/5540"}],"wp:attachment":[{"href":"https:\/\/www.geotellurique.fr\/blog\/wp-json\/wp\/v2\/media?parent=5519"}],"wp:term":[{"taxonomy":"category","embeddable":true,"href":"https:\/\/www.geotellurique.fr\/blog\/wp-json\/wp\/v2\/categories?post=5519"},{"taxonomy":"post_tag","embeddable":true,"href":"https:\/\/www.geotellurique.fr\/blog\/wp-json\/wp\/v2\/tags?post=5519"},{"taxonomy":"et_post_format","embeddable":true,"href":"https:\/\/www.geotellurique.fr\/blog\/wp-json\/wp\/v2\/et_post_format?post=5519"}],"curies":[{"name":"wp","href":"https:\/\/api.w.org\/{rel}","templated":true}]}}